{"id":2331,"date":"2016-10-19T23:11:05","date_gmt":"2016-10-19T22:11:05","guid":{"rendered":"https:\/\/sofiamorgado.net\/?p=2331"},"modified":"2025-01-12T16:03:31","modified_gmt":"2025-01-12T16:03:31","slug":"abundancia-ou-escassez","status":"publish","type":"post","link":"https:\/\/sofiamorgado.net\/en\/abundancia-ou-escassez\/","title":{"rendered":"Vive na abund\u00e2ncia ou na escassez?"},"content":{"rendered":"<p>Aquilo que acreditamos est\u00e1 na base dos nossos <a href=\"https:\/\/sofiamorgado.net\/en\/comportamento-gera-comportamento\/\">comportamentos<\/a> e influencia at\u00e9 aquilo que encontramos no mundo em volta. No entanto,\u00a0na maior parte das vezes, nem temos consci\u00eancia de quais s\u00e3o as nossas cren\u00e7as de base.<\/p>\n<p>Conhe\u00e7a a met\u00e1fora da carpa, o tubar\u00e3o e o golfinho e observe&#8230;<\/p>\n\n\n<figure class=\"wp-block-embed-youtube wp-block-embed is-type-video is-provider-youtube wp-embed-aspect-16-9 wp-has-aspect-ratio\"><div class=\"wp-block-embed__wrapper\">\n<iframe title=\"Vive na abund\u00e2ncia ou na escassez?\" width=\"800\" height=\"450\" loading=\"lazy\" src=\"https:\/\/www.youtube.com\/embed\/14dvY80GuTo?feature=oembed\" frameborder=\"0\" allow=\"accelerometer; autoplay; clipboard-write; encrypted-media; gyroscope; picture-in-picture; web-share\" referrerpolicy=\"strict-origin-when-cross-origin\" allowfullscreen><\/iframe>\n<\/div><\/figure>\n\n\n\n<p><strong>O que ecoa em si?<\/strong><\/p>\n\n\n\n<p>Deixe o seu coment\u00e1rio abaixo<\/p>\n\n\n\n<figure class=\"wp-block-image\"><img decoding=\"async\" width=\"65\" height=\"55\" loading=\"lazy\" src=\"https:\/\/sofiamorgado.net\/wp-content\/uploads\/2018\/02\/seta.jpg\" alt=\"\" class=\"wp-image-4957\"\/><\/figure>","protected":false},"excerpt":{"rendered":"<p>Aquilo que acreditamos est\u00e1 na base dos nossos comportamentos e influencia at\u00e9 aquilo que encontramos no mundo em volta. No entanto,\u00a0na maior parte das vezes, nem temos consci\u00eancia de quais s\u00e3o as nossas cren\u00e7as de base. Conhe\u00e7a a met\u00e1fora da carpa, o tubar\u00e3o e o golfinho e observe&#8230; O que ecoa em si? Deixe o [&hellip;]<\/p>\n","protected":false},"author":1,"featured_media":10147,"comment_status":"open","ping_status":"open","sticky":false,"template":"","format":"standard","meta":{"_acf_changed":false,"pmpro_default_level":"","footnotes":""},"categories":[31],"tags":[85,69],"class_list":["post-2331","post","type-post","status-publish","format-standard","has-post-thumbnail","hentry","category-reflexoes","tag-abundancia","tag-reflexoes","pmpro-has-access"],"acf":[],"_links":{"self":[{"href":"https:\/\/sofiamorgado.net\/en\/wp-json\/wp\/v2\/posts\/2331","targetHints":{"allow":["GET"]}}],"collection":[{"href":"https:\/\/sofiamorgado.net\/en\/wp-json\/wp\/v2\/posts"}],"about":[{"href":"https:\/\/sofiamorgado.net\/en\/wp-json\/wp\/v2\/types\/post"}],"author":[{"embeddable":true,"href":"https:\/\/sofiamorgado.net\/en\/wp-json\/wp\/v2\/users\/1"}],"replies":[{"embeddable":true,"href":"https:\/\/sofiamorgado.net\/en\/wp-json\/wp\/v2\/comments?post=2331"}],"version-history":[{"count":0,"href":"https:\/\/sofiamorgado.net\/en\/wp-json\/wp\/v2\/posts\/2331\/revisions"}],"wp:featuredmedia":[{"embeddable":true,"href":"https:\/\/sofiamorgado.net\/en\/wp-json\/wp\/v2\/media\/10147"}],"wp:attachment":[{"href":"https:\/\/sofiamorgado.net\/en\/wp-json\/wp\/v2\/media?parent=2331"}],"wp:term":[{"taxonomy":"category","embeddable":true,"href":"https:\/\/sofiamorgado.net\/en\/wp-json\/wp\/v2\/categories?post=2331"},{"taxonomy":"post_tag","embeddable":true,"href":"https:\/\/sofiamorgado.net\/en\/wp-json\/wp\/v2\/tags?post=2331"}],"curies":[{"name":"wp","href":"https:\/\/api.w.org\/{rel}","templated":true}]}}