{"id":2963,"date":"2017-01-13T23:36:00","date_gmt":"2017-01-13T23:36:00","guid":{"rendered":"https:\/\/sofiamorgado.net\/?p=2963"},"modified":"2025-01-12T15:52:06","modified_gmt":"2025-01-12T15:52:06","slug":"as-perguntas","status":"publish","type":"post","link":"https:\/\/sofiamorgado.net\/en\/as-perguntas\/","title":{"rendered":"As perguntas"},"content":{"rendered":"<p>As perguntas podem ser t\u00e3o ou mais orientadoras do que as respostas. Mas tamb\u00e9m t\u00eam o potencial de nos desorientar.<\/p>\n<p>As perguntas que usamos mais frequentemente s\u00e3o constru\u00eddas na forma de &#8220;<strong>porqu\u00ea&#8230;?<\/strong>&#8220;. Mas o <strong>porqu\u00ea<\/strong> faz parte da linguagem da <a href=\"https:\/\/sofiamorgado.net\/en\/para-lidar-com-a-ansiedade\/\">ansiedade<\/a>. O <strong>porqu\u00ea<\/strong> remete-nos para os elementos da equa\u00e7\u00e3o que muitas vezes sentimos n\u00e3o poder controlar.<\/p>\n<p>Estes elementos referem-se a algo que os outros fizeram ou disseram, \u00e0quilo que n\u00f3s fizemos ou a determinadas circunst\u00e2ncias. Ou se encontram no <a href=\"https:\/\/sofiamorgado.net\/en\/as-memorias-e-suas-necessidades\/\">passado<\/a> e j\u00e1 n\u00e3o podem ser evitados ou os consideramos sob o <a href=\"https:\/\/sofiamorgado.net\/en\/2018\/01\/23\/flexibilidade\/\">controlo<\/a> de algo ou algu\u00e9m exterior a n\u00f3s.<\/p>\n<p>Outras vezes \u00e9 a ansiedade de encontrar a resposta que tarda em aparecer.<\/p>\n<p>Seja como for, o resultado \u00e9 muitas vezes a ansiedade. Em maior ou menor grau, ela est\u00e1 presente em qualquer um dos cen\u00e1rios. Isto porque sentimos que algo est\u00e1 fora do nosso controlo.<\/p>\n<p>J\u00e1 o <strong>como<\/strong> faz parte de uma linguagem diferente. O <strong>como<\/strong> refere-se ao processo, a <strong>como<\/strong> chegar a um resultado. E, identificados os passos a dar, sentimos o controlo de volta \u00e0s nossas m\u00e3os e a ansiedade desce. Desce porque estamos a fazer algo para obter um resultado diferente.<\/p>\n<p>Enquanto o <a href=\"https:\/\/sofiamorgado.net\/en\/alargar-ou-reduzir-o-foco\/\">foco<\/a> estiver naquilo que sentimos n\u00e3o ter, o potencial de ansiedade aumenta. Quando o foco se encontra no processo e naquilo que podemos <strong>e estamos <\/strong>a fazer para criar ou mudar algo, ele desce necessariamente.<\/p>\n<p>Partilho ainda uma breve reflex\u00e3o mais antiga sobre este tema.<\/p>\n<p>Veja o video abaixo.<\/p>\n\n\n<figure class=\"wp-block-embed-youtube wp-block-embed is-type-video is-provider-youtube wp-embed-aspect-16-9 wp-has-aspect-ratio\"><div class=\"wp-block-embed__wrapper\">\n<iframe title=\"Porqu\u00ea versus Como (reflex\u00e3o)\" width=\"800\" height=\"450\" loading=\"lazy\" src=\"https:\/\/www.youtube.com\/embed\/VXtI8DvFkZU?feature=oembed\" frameborder=\"0\" allow=\"accelerometer; autoplay; clipboard-write; encrypted-media; gyroscope; picture-in-picture; web-share\" referrerpolicy=\"strict-origin-when-cross-origin\" allowfullscreen><\/iframe>\n<\/div><\/figure>\n\n\n\n<p>\n\nSe tem experimentado um n\u00edvel de ansiedade desnecessariamente elevado na sua vida, experimente trocar os <em>porqu\u00eas<\/em> pelos <em>como&#8217;s<\/em>.\n\n<\/p>\n\n\n\n<p>Deixe o seu coment\u00e1rio abaixo<\/p>\n\n\n\n<figure class=\"wp-block-image\"><img decoding=\"async\" width=\"65\" height=\"55\" loading=\"lazy\" src=\"https:\/\/sofiamorgado.net\/wp-content\/uploads\/2018\/02\/seta.jpg\" alt=\"\" class=\"wp-image-4957\"\/><\/figure>","protected":false},"excerpt":{"rendered":"<p>As perguntas podem ser t\u00e3o ou mais orientadoras do que as respostas. Mas tamb\u00e9m t\u00eam o potencial de nos desorientar. As perguntas que usamos mais frequentemente s\u00e3o constru\u00eddas na forma de &#8220;porqu\u00ea&#8230;?&#8220;. Mas o porqu\u00ea faz parte da linguagem da ansiedade. O porqu\u00ea remete-nos para os elementos da equa\u00e7\u00e3o que muitas vezes sentimos n\u00e3o poder [&hellip;]<\/p>\n","protected":false},"author":1,"featured_media":10121,"comment_status":"open","ping_status":"open","sticky":false,"template":"","format":"standard","meta":{"_acf_changed":false,"pmpro_default_level":"","footnotes":""},"categories":[31],"tags":[112,113,69],"class_list":["post-2963","post","type-post","status-publish","format-standard","has-post-thumbnail","hentry","category-reflexoes","tag-perguntas","tag-porque-e-como","tag-reflexoes","pmpro-has-access"],"acf":[],"_links":{"self":[{"href":"https:\/\/sofiamorgado.net\/en\/wp-json\/wp\/v2\/posts\/2963","targetHints":{"allow":["GET"]}}],"collection":[{"href":"https:\/\/sofiamorgado.net\/en\/wp-json\/wp\/v2\/posts"}],"about":[{"href":"https:\/\/sofiamorgado.net\/en\/wp-json\/wp\/v2\/types\/post"}],"author":[{"embeddable":true,"href":"https:\/\/sofiamorgado.net\/en\/wp-json\/wp\/v2\/users\/1"}],"replies":[{"embeddable":true,"href":"https:\/\/sofiamorgado.net\/en\/wp-json\/wp\/v2\/comments?post=2963"}],"version-history":[{"count":0,"href":"https:\/\/sofiamorgado.net\/en\/wp-json\/wp\/v2\/posts\/2963\/revisions"}],"wp:featuredmedia":[{"embeddable":true,"href":"https:\/\/sofiamorgado.net\/en\/wp-json\/wp\/v2\/media\/10121"}],"wp:attachment":[{"href":"https:\/\/sofiamorgado.net\/en\/wp-json\/wp\/v2\/media?parent=2963"}],"wp:term":[{"taxonomy":"category","embeddable":true,"href":"https:\/\/sofiamorgado.net\/en\/wp-json\/wp\/v2\/categories?post=2963"},{"taxonomy":"post_tag","embeddable":true,"href":"https:\/\/sofiamorgado.net\/en\/wp-json\/wp\/v2\/tags?post=2963"}],"curies":[{"name":"wp","href":"https:\/\/api.w.org\/{rel}","templated":true}]}}