{"id":3039,"date":"2017-01-27T16:30:00","date_gmt":"2017-01-27T16:30:00","guid":{"rendered":"https:\/\/sofiamorgado.net\/?p=3039"},"modified":"2025-01-12T15:51:25","modified_gmt":"2025-01-12T15:51:25","slug":"considera-se-vitima-ou-autor","status":"publish","type":"post","link":"https:\/\/sofiamorgado.net\/en\/considera-se-vitima-ou-autor\/","title":{"rendered":"Considera-se v\u00edtima ou autor?"},"content":{"rendered":"<p>H\u00e1 alguns dias conversava com uma amiga que refletia sobre a sua vida e a sua felicidade e ela perguntou-me algo que h\u00e1 j\u00e1 muito tempo ningu\u00e9m me perguntava: &#8220;\u00c9s feliz?&#8221;<\/p>\n<p>E a minha resposta foi id\u00eantica \u00e0 de outros momentos.<\/p>\n<p>A felicidade \u00e9 um estado, muitas vezes generalizado de tal forma que as pessoas se dizem e sentem infelizes pelo fato de algo n\u00e3o correr de fei\u00e7\u00e3o na sua vida. Mas&#8230; conhece algu\u00e9m a quem a vida corra sempre bem?<\/p>\n<p>Veja no video abaixo qual foi a minha resposta.<\/p>\n\n\n<figure class=\"wp-block-embed-youtube wp-block-embed is-type-video is-provider-youtube wp-embed-aspect-16-9 wp-has-aspect-ratio\"><div class=\"wp-block-embed__wrapper\">\n<iframe title=\"Considera-se v\u00edtima ou autor?\" width=\"800\" height=\"450\" loading=\"lazy\" src=\"https:\/\/www.youtube.com\/embed\/gVVhDgwhqaQ?feature=oembed\" frameborder=\"0\" allow=\"accelerometer; autoplay; clipboard-write; encrypted-media; gyroscope; picture-in-picture; web-share\" referrerpolicy=\"strict-origin-when-cross-origin\" allowfullscreen><\/iframe>\n<\/div><\/figure>\n\n\n\n<p><strong>\u00c9 feliz?<\/strong><\/p>\n\n\n\n<p>Deixe o seu coment\u00e1rio abaixo<\/p>\n\n\n\n<figure class=\"wp-block-image\"><img decoding=\"async\" width=\"65\" height=\"55\" loading=\"lazy\" src=\"https:\/\/sofiamorgado.net\/wp-content\/uploads\/2018\/02\/seta.jpg\" alt=\"\" class=\"wp-image-4957\"\/><\/figure>","protected":false},"excerpt":{"rendered":"<p>H\u00e1 alguns dias conversava com uma amiga que refletia sobre a sua vida e a sua felicidade e ela perguntou-me algo que h\u00e1 j\u00e1 muito tempo ningu\u00e9m me perguntava: &#8220;\u00c9s feliz?&#8221; E a minha resposta foi id\u00eantica \u00e0 de outros momentos. A felicidade \u00e9 um estado, muitas vezes generalizado de tal forma que as pessoas [&hellip;]<\/p>\n","protected":false},"author":1,"featured_media":10117,"comment_status":"open","ping_status":"open","sticky":false,"template":"","format":"standard","meta":{"_acf_changed":false,"pmpro_default_level":"","footnotes":""},"categories":[31],"tags":[114,69,53],"class_list":["post-3039","post","type-post","status-publish","format-standard","has-post-thumbnail","hentry","category-reflexoes","tag-felicidade","tag-reflexoes","tag-responsabilidade","pmpro-has-access"],"acf":[],"_links":{"self":[{"href":"https:\/\/sofiamorgado.net\/en\/wp-json\/wp\/v2\/posts\/3039","targetHints":{"allow":["GET"]}}],"collection":[{"href":"https:\/\/sofiamorgado.net\/en\/wp-json\/wp\/v2\/posts"}],"about":[{"href":"https:\/\/sofiamorgado.net\/en\/wp-json\/wp\/v2\/types\/post"}],"author":[{"embeddable":true,"href":"https:\/\/sofiamorgado.net\/en\/wp-json\/wp\/v2\/users\/1"}],"replies":[{"embeddable":true,"href":"https:\/\/sofiamorgado.net\/en\/wp-json\/wp\/v2\/comments?post=3039"}],"version-history":[{"count":0,"href":"https:\/\/sofiamorgado.net\/en\/wp-json\/wp\/v2\/posts\/3039\/revisions"}],"wp:featuredmedia":[{"embeddable":true,"href":"https:\/\/sofiamorgado.net\/en\/wp-json\/wp\/v2\/media\/10117"}],"wp:attachment":[{"href":"https:\/\/sofiamorgado.net\/en\/wp-json\/wp\/v2\/media?parent=3039"}],"wp:term":[{"taxonomy":"category","embeddable":true,"href":"https:\/\/sofiamorgado.net\/en\/wp-json\/wp\/v2\/categories?post=3039"},{"taxonomy":"post_tag","embeddable":true,"href":"https:\/\/sofiamorgado.net\/en\/wp-json\/wp\/v2\/tags?post=3039"}],"curies":[{"name":"wp","href":"https:\/\/api.w.org\/{rel}","templated":true}]}}