{"id":3165,"date":"2017-02-23T22:49:18","date_gmt":"2017-02-23T22:49:18","guid":{"rendered":"https:\/\/sofiamorgado.net\/?p=3165"},"modified":"2025-01-12T15:50:11","modified_gmt":"2025-01-12T15:50:11","slug":"resposta-sobre-relacionamentos","status":"publish","type":"post","link":"https:\/\/sofiamorgado.net\/en\/resposta-sobre-relacionamentos\/","title":{"rendered":"Resposta sobre relacionamentos"},"content":{"rendered":"<p>O tema relacionamentos tem estado em alta.<\/p>\n<p>Neste momento, est\u00e3o a decorrer as grava\u00e7\u00f5es do segundo n\u00edvel do curso de transforma\u00e7\u00e3o pessoal Reencontros na Plenitude. O primeiro (<a href=\"https:\/\/sofiamorgado.net\/en\/despertar-do-ser\/\">Despertar o SER<\/a>) centra-se na <a href=\"https:\/\/sofiamorgado.net\/en\/identidade\/\">Identidade<\/a> e o segundo (O Eu no Outro) tem o foco nos <a href=\"https:\/\/sofiamorgado.net\/en\/pilares-dos-relacionamentos\/\">relacionamentos<\/a>. Aproveito para levantar um bocadinho o v\u00e9u e contar que o seguinte ser\u00e1 sobre a comunica\u00e7\u00e3o.<\/p>\n<p>Entretanto, entre as partilhas que t\u00eam chegado, uma delas foi uma quest\u00e3o sobre os sentimentos ap\u00f3s o t\u00e9rmino de um <a href=\"https:\/\/sofiamorgado.net\/en\/o-seu-espaco-pessoal\/\">relacionamento<\/a>, cuja proposta de resposta-reflex\u00e3o partilho abaixo.<\/p>\n\n\n<figure class=\"wp-block-embed-youtube wp-block-embed is-type-video is-provider-youtube wp-embed-aspect-16-9 wp-has-aspect-ratio\"><div class=\"wp-block-embed__wrapper\">\n<iframe title=\"Relacionamentos - Resposta a Analua\" width=\"800\" height=\"450\" loading=\"lazy\" src=\"https:\/\/www.youtube.com\/embed\/6MRjkXhN5Pg?feature=oembed\" frameborder=\"0\" allow=\"accelerometer; autoplay; clipboard-write; encrypted-media; gyroscope; picture-in-picture; web-share\" referrerpolicy=\"strict-origin-when-cross-origin\" allowfullscreen><\/iframe>\n<\/div><\/figure>\n\n\n\n<p><strong>O que pensa sobre este tema?<\/strong><\/p>\n\n\n\n<p>Deixe o seu coment\u00e1rio abaixo<\/p>\n\n\n\n<figure class=\"wp-block-image\"><img decoding=\"async\" width=\"65\" height=\"55\" loading=\"lazy\" src=\"https:\/\/sofiamorgado.net\/wp-content\/uploads\/2018\/02\/seta.jpg\" alt=\"\" class=\"wp-image-4957\"\/><\/figure>","protected":false},"excerpt":{"rendered":"<p>O tema relacionamentos tem estado em alta. Neste momento, est\u00e3o a decorrer as grava\u00e7\u00f5es do segundo n\u00edvel do curso de transforma\u00e7\u00e3o pessoal Reencontros na Plenitude. O primeiro (Despertar o SER) centra-se na Identidade e o segundo (O Eu no Outro) tem o foco nos relacionamentos. Aproveito para levantar um bocadinho o v\u00e9u e contar que [&hellip;]<\/p>\n","protected":false},"author":1,"featured_media":10115,"comment_status":"open","ping_status":"open","sticky":false,"template":"","format":"standard","meta":{"_acf_changed":false,"pmpro_default_level":"","footnotes":""},"categories":[31],"tags":[82,32,115,70],"class_list":["post-3165","post","type-post","status-publish","format-standard","has-post-thumbnail","hentry","category-reflexoes","tag-reflexao","tag-relacionamentos","tag-resposta","tag-sentimentos","pmpro-has-access"],"acf":[],"_links":{"self":[{"href":"https:\/\/sofiamorgado.net\/en\/wp-json\/wp\/v2\/posts\/3165","targetHints":{"allow":["GET"]}}],"collection":[{"href":"https:\/\/sofiamorgado.net\/en\/wp-json\/wp\/v2\/posts"}],"about":[{"href":"https:\/\/sofiamorgado.net\/en\/wp-json\/wp\/v2\/types\/post"}],"author":[{"embeddable":true,"href":"https:\/\/sofiamorgado.net\/en\/wp-json\/wp\/v2\/users\/1"}],"replies":[{"embeddable":true,"href":"https:\/\/sofiamorgado.net\/en\/wp-json\/wp\/v2\/comments?post=3165"}],"version-history":[{"count":0,"href":"https:\/\/sofiamorgado.net\/en\/wp-json\/wp\/v2\/posts\/3165\/revisions"}],"wp:featuredmedia":[{"embeddable":true,"href":"https:\/\/sofiamorgado.net\/en\/wp-json\/wp\/v2\/media\/10115"}],"wp:attachment":[{"href":"https:\/\/sofiamorgado.net\/en\/wp-json\/wp\/v2\/media?parent=3165"}],"wp:term":[{"taxonomy":"category","embeddable":true,"href":"https:\/\/sofiamorgado.net\/en\/wp-json\/wp\/v2\/categories?post=3165"},{"taxonomy":"post_tag","embeddable":true,"href":"https:\/\/sofiamorgado.net\/en\/wp-json\/wp\/v2\/tags?post=3165"}],"curies":[{"name":"wp","href":"https:\/\/api.w.org\/{rel}","templated":true}]}}