{"id":3394,"date":"2017-11-12T17:16:42","date_gmt":"2017-11-12T16:16:42","guid":{"rendered":"https:\/\/sofiamorgado.net\/?p=3394"},"modified":"2025-01-12T15:40:13","modified_gmt":"2025-01-12T15:40:13","slug":"sobre-sintomas-e-fobias","status":"publish","type":"post","link":"https:\/\/sofiamorgado.net\/en\/sobre-sintomas-e-fobias\/","title":{"rendered":"Sobre sintomas e fobias"},"content":{"rendered":"<p>Respondendo a mais um pedido, esta semana abri o livro Psican\u00e1lise, dos autores Alain de Mijolla e Sophie de Mijolla-Mellor, para uma reflex\u00e3o.<\/p>\n<p>O tema foram os sintomas e as <a href=\"https:\/\/sofiamorgado.net\/en\/fobias\/\">fobias<\/a>.<\/p>\n<p><iframe title=\"Abrindo um livro: Sintomas e fobias\" width=\"800\" height=\"450\" loading=\"lazy\" src=\"https:\/\/www.youtube.com\/embed\/KRVAZTCCK1w?feature=oembed\" frameborder=\"0\" allow=\"accelerometer; autoplay; clipboard-write; encrypted-media; gyroscope; picture-in-picture; web-share\" referrerpolicy=\"strict-origin-when-cross-origin\" allowfullscreen><\/iframe><\/p>\n<p>O que retira daqui para si?<\/p>\n\n\n<p>Deixe o seu coment\u00e1rio abaixo<\/p>\n\n\n\n<figure class=\"wp-block-image\"><img decoding=\"async\" width=\"65\" height=\"55\" loading=\"lazy\" src=\"https:\/\/sofiamorgado.net\/wp-content\/uploads\/2018\/02\/seta.jpg\" alt=\"\" class=\"wp-image-4957\"\/><\/figure>","protected":false},"excerpt":{"rendered":"<p>Respondendo a mais um pedido, esta semana abri o livro Psican\u00e1lise, dos autores Alain de Mijolla e Sophie de Mijolla-Mellor, para uma reflex\u00e3o. O tema foram os sintomas e as fobias. O que retira daqui para si? Deixe o seu coment\u00e1rio abaixo<\/p>","protected":false},"author":1,"featured_media":10104,"comment_status":"open","ping_status":"open","sticky":false,"template":"","format":"standard","meta":{"_acf_changed":false,"pmpro_default_level":"","footnotes":""},"categories":[31],"tags":[119,12,120,13,82,121],"class_list":["post-3394","post","type-post","status-publish","format-standard","has-post-thumbnail","hentry","category-reflexoes","tag-abrindo-um-livro","tag-ansiedade","tag-desafio","tag-fobias","tag-reflexao","tag-sintoma","pmpro-has-access"],"acf":[],"_links":{"self":[{"href":"https:\/\/sofiamorgado.net\/en\/wp-json\/wp\/v2\/posts\/3394","targetHints":{"allow":["GET"]}}],"collection":[{"href":"https:\/\/sofiamorgado.net\/en\/wp-json\/wp\/v2\/posts"}],"about":[{"href":"https:\/\/sofiamorgado.net\/en\/wp-json\/wp\/v2\/types\/post"}],"author":[{"embeddable":true,"href":"https:\/\/sofiamorgado.net\/en\/wp-json\/wp\/v2\/users\/1"}],"replies":[{"embeddable":true,"href":"https:\/\/sofiamorgado.net\/en\/wp-json\/wp\/v2\/comments?post=3394"}],"version-history":[{"count":0,"href":"https:\/\/sofiamorgado.net\/en\/wp-json\/wp\/v2\/posts\/3394\/revisions"}],"wp:featuredmedia":[{"embeddable":true,"href":"https:\/\/sofiamorgado.net\/en\/wp-json\/wp\/v2\/media\/10104"}],"wp:attachment":[{"href":"https:\/\/sofiamorgado.net\/en\/wp-json\/wp\/v2\/media?parent=3394"}],"wp:term":[{"taxonomy":"category","embeddable":true,"href":"https:\/\/sofiamorgado.net\/en\/wp-json\/wp\/v2\/categories?post=3394"},{"taxonomy":"post_tag","embeddable":true,"href":"https:\/\/sofiamorgado.net\/en\/wp-json\/wp\/v2\/tags?post=3394"}],"curies":[{"name":"wp","href":"https:\/\/api.w.org\/{rel}","templated":true}]}}