{"id":4044,"date":"2018-12-24T12:21:45","date_gmt":"2018-12-24T12:21:45","guid":{"rendered":"https:\/\/sofiamorgado.net\/?p=4044"},"modified":"2025-01-12T15:33:47","modified_gmt":"2025-01-12T15:33:47","slug":"quando-sou-ma-sou-optima","status":"publish","type":"post","link":"https:\/\/sofiamorgado.net\/en\/quando-sou-ma-sou-optima\/","title":{"rendered":"Quando sou m\u00e1, sou \u00f3ptima!"},"content":{"rendered":"<p>A reflex\u00e3o desta semana vem pela m\u00e3o de Isabel Leal, autora do livro Dia a dia. E o tema da reflex\u00e3o aborda a dicotomia boa-m\u00e1.<\/p>\n<p><iframe title=\"&quot;Quando sou m\u00e1, sou \u00f3ptima!&quot;\" width=\"800\" height=\"450\" loading=\"lazy\" src=\"https:\/\/www.youtube.com\/embed\/7UkItifpAMQ?feature=oembed\" frameborder=\"0\" allow=\"accelerometer; autoplay; clipboard-write; encrypted-media; gyroscope; picture-in-picture; web-share\" referrerpolicy=\"strict-origin-when-cross-origin\" allowfullscreen><\/iframe><\/p>\n\n\n<p>\u00c9 muito interessante esta reflex\u00e3o e no fundo ela fala-nos sobre este contrastes, os opostos no mundo em que vivemos. Fala-nos na subjetividade destas avalia\u00e7\u00f5es tamb\u00e9m, em como tudo depende do contexto e do nosso sentir do momento. <\/p>\n\n\n\n<p><strong>As coisas s\u00e3o o que s\u00e3o e n\u00f3s somos bons e maus.<\/strong><\/p>\n\n\n\n<p>E se avaliarmos menos e <a href=\"https:\/\/sofiamorgado.net\/en\/e-o-que-e\/\">observarmos o que \u00e9 pelo que \u00e9<\/a>, simplesmente, nada mais do que isso. <\/p>\n\n\n\n<p>E se escolhermos de acordo com a nossa prefer\u00eancia mas sem precisarmos de emitir um julgamento. <\/p>\n\n\n\n<p>N\u00f3s podemos querer fazer algo diferente, podemos fazer algo melhor do que antes, mas n\u00e3o precisamos ser bons ou maus devido aquilo que n\u00f3s fazemos ou escolhemos fazer. <\/p>\n\n\n\n<p>O outro n\u00e3o precisa ser bom ou mau. At\u00e9 porque \u00e9 nossa avalia\u00e7\u00e3o, o outro \u00e9 o que \u00e9 e o outro est\u00e1 centrado nas suas <a href=\"https:\/\/sofiamorgado.net\/en\/as-memorias-e-suas-necessidades\/\">necessidades<\/a>, na sua pr\u00f3pria vida, assim como n\u00f3s estamos centrados na nossa, no nosso sentir, nas nossas necessidades.<\/p>\n\n\n\n<p>E h\u00e1 tanta coisa <a href=\"https:\/\/sofiamorgado.net\/en\/alargar-ou-reduzir-o-foco\/\">que nos passa ao lado<\/a> por isso mesmo, porque estamos centrados em n\u00f3s mesmos.\u00a0<\/p>","protected":false},"excerpt":{"rendered":"<p>A reflex\u00e3o desta semana vem pela m\u00e3o de Isabel Leal, autora do livro Dia a dia. E o tema da reflex\u00e3o aborda a dicotomia boa-m\u00e1. \u00c9 muito interessante esta reflex\u00e3o e no fundo ela fala-nos sobre este contrastes, os opostos no mundo em que vivemos. Fala-nos na subjetividade destas avalia\u00e7\u00f5es tamb\u00e9m, em como tudo depende [&hellip;]<\/p>\n","protected":false},"author":1,"featured_media":10085,"comment_status":"open","ping_status":"open","sticky":false,"template":"","format":"standard","meta":{"_acf_changed":false,"pmpro_default_level":"","footnotes":""},"categories":[31],"tags":[134,135,82],"class_list":["post-4044","post","type-post","status-publish","format-standard","has-post-thumbnail","hentry","category-reflexoes","tag-julgamento","tag-opostos","tag-reflexao","pmpro-has-access"],"acf":[],"_links":{"self":[{"href":"https:\/\/sofiamorgado.net\/en\/wp-json\/wp\/v2\/posts\/4044","targetHints":{"allow":["GET"]}}],"collection":[{"href":"https:\/\/sofiamorgado.net\/en\/wp-json\/wp\/v2\/posts"}],"about":[{"href":"https:\/\/sofiamorgado.net\/en\/wp-json\/wp\/v2\/types\/post"}],"author":[{"embeddable":true,"href":"https:\/\/sofiamorgado.net\/en\/wp-json\/wp\/v2\/users\/1"}],"replies":[{"embeddable":true,"href":"https:\/\/sofiamorgado.net\/en\/wp-json\/wp\/v2\/comments?post=4044"}],"version-history":[{"count":0,"href":"https:\/\/sofiamorgado.net\/en\/wp-json\/wp\/v2\/posts\/4044\/revisions"}],"wp:featuredmedia":[{"embeddable":true,"href":"https:\/\/sofiamorgado.net\/en\/wp-json\/wp\/v2\/media\/10085"}],"wp:attachment":[{"href":"https:\/\/sofiamorgado.net\/en\/wp-json\/wp\/v2\/media?parent=4044"}],"wp:term":[{"taxonomy":"category","embeddable":true,"href":"https:\/\/sofiamorgado.net\/en\/wp-json\/wp\/v2\/categories?post=4044"},{"taxonomy":"post_tag","embeddable":true,"href":"https:\/\/sofiamorgado.net\/en\/wp-json\/wp\/v2\/tags?post=4044"}],"curies":[{"name":"wp","href":"https:\/\/api.w.org\/{rel}","templated":true}]}}